{"id":1489,"date":"2024-01-30T11:44:55","date_gmt":"2024-01-30T09:44:55","guid":{"rendered":"https:\/\/www.bcm.cat\/?p=1489"},"modified":"2024-01-30T11:44:55","modified_gmt":"2024-01-30T09:44:55","slug":"busqueda-de-talento-vs-seleccion","status":"publish","type":"post","link":"https:\/\/www.bcm.cat\/es\/busqueda-de-talento-vs-seleccion\/","title":{"rendered":"BUSQUEDA DE TALENTO VS SELECCION"},"content":{"rendered":"<p><span style=\"font-weight: 400;\">No deja de sorprenderme que todav\u00eda hoy en 2020, algunas pimes confundan los t\u00e9rminos \u201cselecci\u00f3n\u201d con \u201cb\u00fasqueda de talento\u201d.<\/span><\/p>\n<p><span style=\"font-weight: 400;\">La \u201cselecci\u00f3n\u201d ya no se lleva, es un t\u00e9rmino obsoleto.<\/span><\/p>\n<p><span style=\"font-weight: 400;\">La selecci\u00f3n la puede hacer hasta un\/a adolescente de 15 a\u00f1os : \u201cme gusta me lo quedo, no me gusta no me lo quedo\u201d. Tiempo de decisi\u00f3n : 2 minutos<\/span><\/p>\n<p><span style=\"font-weight: 400;\">La b\u00fasqueda de talento va mucho mas all\u00e1, y cuando digo talento me refiero a todo tipo de profesionales.<\/span><\/p>\n<p><span style=\"font-weight: 400;\">Desde perfiles b\u00e1sicos hasta perfiles directivos, en todas las capas hay talento que encontrar.<\/span><\/p>\n<p><span style=\"font-weight: 400;\">Desgraciadamente veo a menudo que algunas empresas delegan la b\u00fasqueda de talento en profesionales internos que deben ser excelentes \u201cGerente\u201d o \u201cJefe de taller\u201d o \u201cResponsable de Marketing\u201d o \u201cController\u201d o \u201cProject Manager\u201d, pero a los cuales muy\u00a0 probablemente nadie les ha explicado cuales son los secretos y las recetas para poder incorporar talento con proyecci\u00f3n a la compa\u00f1\u00eda.<\/span><\/p>\n<p><span style=\"font-weight: 400;\">He visto esta misma semana un Jefe de taller metal\u00fargico, gran profesional en su sector sin duda y ampliamente valorado en su compa\u00f1\u00eda, entrevistando a un candidato para una vacante de operario montador de estructuras met\u00e1licas.<\/span><\/p>\n<p><span style=\"font-weight: 400;\">30 minutos de entrevista, como ??? Pero si en 30\u2019 casi no da tiempo ni de situarse\u2026.<\/span><\/p>\n<p><span style=\"font-weight: 400;\">Resultado : candidato decepcionado, enfadado, sale pensando que le han hecho perder el tiempo.<\/span><\/p>\n<p><span style=\"font-weight: 400;\">Y me llama cuando sale de la entrevista : \u201cOye, que esta gente es muy poco seria\u2026..\u201d<\/span><\/p>\n<p><span style=\"font-weight: 400;\">Y me cuenta : cero planificaci\u00f3n de la entrevista, improvisaci\u00f3n, no se le ha facilitado la informaci\u00f3n que merece conocer todo candidato, el lenguaje utilizado por el entrevistador no ha sido el \u00f3ptimo, se han hecho comentarios\u00a0 \u201cfuera de lugar\u201d, no se le ha concretado detalles como horario o salario, no se le ha dicho como sigue el proceso\u2026..<\/span><\/p>\n<p><span style=\"font-weight: 400;\">Un desastre vaya, que p\u00e9rdida de imagen para la empresa, y que descredito en el mercado.<\/span><\/p>\n<p><b>Ya lo dec\u00eda mi abuela hace tiempo : \u201czapatero a tus zapatos\u201d \u00a1\u00a1\u00a1<\/b><\/p>\n<p><b>\u00a0<\/b><\/p>\n<p><b>Solo podr\u00e1s incorporar excelentes profesionales a tu compa\u00f1\u00eda si :<\/b><\/p>\n<p><b>1.- formas a los profesionales internos, o sea al\/la Gerente, al\/la Controller, al\/la Jefe de taller, al\/la Project Manager, etc\u2026 en t\u00e9cnicas para la b\u00fasqueda de talento<\/b><\/p>\n<p><b>2.- buscas talento a trav\u00e9s de especialistas externos<\/b><\/p>\n<p><b>3.- creas un departamento de RH y lo dimensionas correctamente<\/b><\/p>\n<p>&nbsp;<\/p>\n","protected":false},"excerpt":{"rendered":"<p>No deja de sorprenderme que todav\u00eda hoy en 2020, algunas pimes confundan los t\u00e9rminos \u201cselecci\u00f3n\u201d con \u201cb\u00fasqueda de talento\u201d. La \u201cselecci\u00f3n\u201d ya no se lleva, es un t\u00e9rmino obsoleto. La selecci\u00f3n la puede hacer hasta un\/a adolescente de 15 a\u00f1os : \u201cme gusta me lo quedo, no me gusta no me lo quedo\u201d. Tiempo de [&hellip;]<\/p>\n","protected":false},"author":1,"featured_media":0,"comment_status":"open","ping_status":"open","sticky":false,"template":"","format":"standard","meta":{"_acf_changed":false,"footnotes":""},"categories":[5],"tags":[],"class_list":["post-1489","post","type-post","status-publish","format-standard","hentry","category-blog"],"acf":[],"yoast_head":"<!-- This site is optimized with the Yoast SEO plugin v27.9 - https:\/\/yoast.com\/product\/yoast-seo-wordpress\/ -->\n<title>BUSQUEDA DE TALENTO VS SELECCION - BCM Talent &amp; Retail<\/title>\n<meta name=\"robots\" content=\"index, follow, max-snippet:-1, max-image-preview:large, max-video-preview:-1\" \/>\n<link rel=\"canonical\" href=\"https:\/\/www.bcm.cat\/es\/busqueda-de-talento-vs-seleccion\/\" \/>\n<meta property=\"og:locale\" content=\"es_ES\" \/>\n<meta property=\"og:type\" content=\"article\" \/>\n<meta property=\"og:title\" content=\"BUSQUEDA DE TALENTO VS SELECCION - BCM Talent &amp; Retail\" \/>\n<meta property=\"og:description\" content=\"No deja de sorprenderme que todav\u00eda hoy en 2020, algunas pimes confundan los t\u00e9rminos \u201cselecci\u00f3n\u201d con \u201cb\u00fasqueda de talento\u201d. La \u201cselecci\u00f3n\u201d ya no se lleva, es un t\u00e9rmino obsoleto. La selecci\u00f3n la puede hacer hasta un\/a adolescente de 15 a\u00f1os : \u201cme gusta me lo quedo, no me gusta no me lo quedo\u201d. Tiempo de [&hellip;]\" \/>\n<meta property=\"og:url\" content=\"https:\/\/www.bcm.cat\/es\/busqueda-de-talento-vs-seleccion\/\" \/>\n<meta property=\"og:site_name\" content=\"BCM Talent &amp; Retail\" \/>\n<meta property=\"article:published_time\" content=\"2024-01-30T09:44:55+00:00\" \/>\n<meta name=\"author\" content=\"bcm\" \/>\n<meta name=\"twitter:card\" content=\"summary_large_image\" \/>\n<meta name=\"twitter:label1\" content=\"Escrito por\" \/>\n\t<meta name=\"twitter:data1\" content=\"bcm\" \/>\n\t<meta name=\"twitter:label2\" content=\"Tiempo de lectura\" \/>\n\t<meta name=\"twitter:data2\" content=\"3 minutos\" \/>\n<script type=\"application\/ld+json\" class=\"yoast-schema-graph\">{\"@context\":\"https:\\\/\\\/schema.org\",\"@graph\":[{\"@type\":\"Article\",\"@id\":\"https:\\\/\\\/www.bcm.cat\\\/es\\\/busqueda-de-talento-vs-seleccion\\\/#article\",\"isPartOf\":{\"@id\":\"https:\\\/\\\/www.bcm.cat\\\/es\\\/busqueda-de-talento-vs-seleccion\\\/\"},\"author\":{\"name\":\"bcm\",\"@id\":\"https:\\\/\\\/www.bcm.cat\\\/#\\\/schema\\\/person\\\/fa129619eb2d5fbed7c86f3e599b5cb6\"},\"headline\":\"BUSQUEDA DE TALENTO VS SELECCION\",\"datePublished\":\"2024-01-30T09:44:55+00:00\",\"mainEntityOfPage\":{\"@id\":\"https:\\\/\\\/www.bcm.cat\\\/es\\\/busqueda-de-talento-vs-seleccion\\\/\"},\"wordCount\":402,\"commentCount\":0,\"publisher\":{\"@id\":\"https:\\\/\\\/www.bcm.cat\\\/#organization\"},\"articleSection\":[\"Blog\"],\"inLanguage\":\"es\",\"potentialAction\":[{\"@type\":\"CommentAction\",\"name\":\"Comment\",\"target\":[\"https:\\\/\\\/www.bcm.cat\\\/es\\\/busqueda-de-talento-vs-seleccion\\\/#respond\"]}]},{\"@type\":\"WebPage\",\"@id\":\"https:\\\/\\\/www.bcm.cat\\\/es\\\/busqueda-de-talento-vs-seleccion\\\/\",\"url\":\"https:\\\/\\\/www.bcm.cat\\\/es\\\/busqueda-de-talento-vs-seleccion\\\/\",\"name\":\"BUSQUEDA DE TALENTO VS SELECCION - BCM Talent &amp; Retail\",\"isPartOf\":{\"@id\":\"https:\\\/\\\/www.bcm.cat\\\/#website\"},\"datePublished\":\"2024-01-30T09:44:55+00:00\",\"breadcrumb\":{\"@id\":\"https:\\\/\\\/www.bcm.cat\\\/es\\\/busqueda-de-talento-vs-seleccion\\\/#breadcrumb\"},\"inLanguage\":\"es\",\"potentialAction\":[{\"@type\":\"ReadAction\",\"target\":[\"https:\\\/\\\/www.bcm.cat\\\/es\\\/busqueda-de-talento-vs-seleccion\\\/\"]}]},{\"@type\":\"BreadcrumbList\",\"@id\":\"https:\\\/\\\/www.bcm.cat\\\/es\\\/busqueda-de-talento-vs-seleccion\\\/#breadcrumb\",\"itemListElement\":[{\"@type\":\"ListItem\",\"position\":1,\"name\":\"Inici\",\"item\":\"https:\\\/\\\/www.bcm.cat\\\/es\\\/\"},{\"@type\":\"ListItem\",\"position\":2,\"name\":\"BUSQUEDA DE TALENTO VS SELECCION\"}]},{\"@type\":\"WebSite\",\"@id\":\"https:\\\/\\\/www.bcm.cat\\\/#website\",\"url\":\"https:\\\/\\\/www.bcm.cat\\\/\",\"name\":\"BCM Talent &amp; Retail\",\"description\":\"Consultoria recursos humans\",\"publisher\":{\"@id\":\"https:\\\/\\\/www.bcm.cat\\\/#organization\"},\"potentialAction\":[{\"@type\":\"SearchAction\",\"target\":{\"@type\":\"EntryPoint\",\"urlTemplate\":\"https:\\\/\\\/www.bcm.cat\\\/?s={search_term_string}\"},\"query-input\":{\"@type\":\"PropertyValueSpecification\",\"valueRequired\":true,\"valueName\":\"search_term_string\"}}],\"inLanguage\":\"es\"},{\"@type\":\"Organization\",\"@id\":\"https:\\\/\\\/www.bcm.cat\\\/#organization\",\"name\":\"BCM talent & retail\",\"url\":\"https:\\\/\\\/www.bcm.cat\\\/\",\"logo\":{\"@type\":\"ImageObject\",\"inLanguage\":\"es\",\"@id\":\"https:\\\/\\\/www.bcm.cat\\\/#\\\/schema\\\/logo\\\/image\\\/\",\"url\":\"https:\\\/\\\/www.bcm.cat\\\/wp-content\\\/uploads\\\/2018\\\/10\\\/assesorament-a-empreses-talent-retail-barcelelona.jpg\",\"contentUrl\":\"https:\\\/\\\/www.bcm.cat\\\/wp-content\\\/uploads\\\/2018\\\/10\\\/assesorament-a-empreses-talent-retail-barcelelona.jpg\",\"width\":960,\"height\":638,\"caption\":\"BCM talent & retail\"},\"image\":{\"@id\":\"https:\\\/\\\/www.bcm.cat\\\/#\\\/schema\\\/logo\\\/image\\\/\"}},{\"@type\":\"Person\",\"@id\":\"https:\\\/\\\/www.bcm.cat\\\/#\\\/schema\\\/person\\\/fa129619eb2d5fbed7c86f3e599b5cb6\",\"name\":\"bcm\",\"image\":{\"@type\":\"ImageObject\",\"inLanguage\":\"es\",\"@id\":\"https:\\\/\\\/secure.gravatar.com\\\/avatar\\\/2b7febd32e8dc6af3ee2d26b923383b81c9559bb82c48359d9ff56cae82a3592?s=96&d=mm&r=g\",\"url\":\"https:\\\/\\\/secure.gravatar.com\\\/avatar\\\/2b7febd32e8dc6af3ee2d26b923383b81c9559bb82c48359d9ff56cae82a3592?s=96&d=mm&r=g\",\"contentUrl\":\"https:\\\/\\\/secure.gravatar.com\\\/avatar\\\/2b7febd32e8dc6af3ee2d26b923383b81c9559bb82c48359d9ff56cae82a3592?s=96&d=mm&r=g\",\"caption\":\"bcm\"}}]}<\/script>\n<!-- \/ Yoast SEO plugin. -->","yoast_head_json":{"title":"BUSQUEDA DE TALENTO VS SELECCION - BCM Talent &amp; Retail","robots":{"index":"index","follow":"follow","max-snippet":"max-snippet:-1","max-image-preview":"max-image-preview:large","max-video-preview":"max-video-preview:-1"},"canonical":"https:\/\/www.bcm.cat\/es\/busqueda-de-talento-vs-seleccion\/","og_locale":"es_ES","og_type":"article","og_title":"BUSQUEDA DE TALENTO VS SELECCION - BCM Talent &amp; Retail","og_description":"No deja de sorprenderme que todav\u00eda hoy en 2020, algunas pimes confundan los t\u00e9rminos \u201cselecci\u00f3n\u201d con \u201cb\u00fasqueda de talento\u201d. La \u201cselecci\u00f3n\u201d ya no se lleva, es un t\u00e9rmino obsoleto. La selecci\u00f3n la puede hacer hasta un\/a adolescente de 15 a\u00f1os : \u201cme gusta me lo quedo, no me gusta no me lo quedo\u201d. Tiempo de [&hellip;]","og_url":"https:\/\/www.bcm.cat\/es\/busqueda-de-talento-vs-seleccion\/","og_site_name":"BCM Talent &amp; Retail","article_published_time":"2024-01-30T09:44:55+00:00","author":"bcm","twitter_card":"summary_large_image","twitter_misc":{"Escrito por":"bcm","Tiempo de lectura":"3 minutos"},"schema":{"@context":"https:\/\/schema.org","@graph":[{"@type":"Article","@id":"https:\/\/www.bcm.cat\/es\/busqueda-de-talento-vs-seleccion\/#article","isPartOf":{"@id":"https:\/\/www.bcm.cat\/es\/busqueda-de-talento-vs-seleccion\/"},"author":{"name":"bcm","@id":"https:\/\/www.bcm.cat\/#\/schema\/person\/fa129619eb2d5fbed7c86f3e599b5cb6"},"headline":"BUSQUEDA DE TALENTO VS SELECCION","datePublished":"2024-01-30T09:44:55+00:00","mainEntityOfPage":{"@id":"https:\/\/www.bcm.cat\/es\/busqueda-de-talento-vs-seleccion\/"},"wordCount":402,"commentCount":0,"publisher":{"@id":"https:\/\/www.bcm.cat\/#organization"},"articleSection":["Blog"],"inLanguage":"es","potentialAction":[{"@type":"CommentAction","name":"Comment","target":["https:\/\/www.bcm.cat\/es\/busqueda-de-talento-vs-seleccion\/#respond"]}]},{"@type":"WebPage","@id":"https:\/\/www.bcm.cat\/es\/busqueda-de-talento-vs-seleccion\/","url":"https:\/\/www.bcm.cat\/es\/busqueda-de-talento-vs-seleccion\/","name":"BUSQUEDA DE TALENTO VS SELECCION - BCM Talent &amp; Retail","isPartOf":{"@id":"https:\/\/www.bcm.cat\/#website"},"datePublished":"2024-01-30T09:44:55+00:00","breadcrumb":{"@id":"https:\/\/www.bcm.cat\/es\/busqueda-de-talento-vs-seleccion\/#breadcrumb"},"inLanguage":"es","potentialAction":[{"@type":"ReadAction","target":["https:\/\/www.bcm.cat\/es\/busqueda-de-talento-vs-seleccion\/"]}]},{"@type":"BreadcrumbList","@id":"https:\/\/www.bcm.cat\/es\/busqueda-de-talento-vs-seleccion\/#breadcrumb","itemListElement":[{"@type":"ListItem","position":1,"name":"Inici","item":"https:\/\/www.bcm.cat\/es\/"},{"@type":"ListItem","position":2,"name":"BUSQUEDA DE TALENTO VS SELECCION"}]},{"@type":"WebSite","@id":"https:\/\/www.bcm.cat\/#website","url":"https:\/\/www.bcm.cat\/","name":"BCM Talent &amp; Retail","description":"Consultoria recursos humans","publisher":{"@id":"https:\/\/www.bcm.cat\/#organization"},"potentialAction":[{"@type":"SearchAction","target":{"@type":"EntryPoint","urlTemplate":"https:\/\/www.bcm.cat\/?s={search_term_string}"},"query-input":{"@type":"PropertyValueSpecification","valueRequired":true,"valueName":"search_term_string"}}],"inLanguage":"es"},{"@type":"Organization","@id":"https:\/\/www.bcm.cat\/#organization","name":"BCM talent & retail","url":"https:\/\/www.bcm.cat\/","logo":{"@type":"ImageObject","inLanguage":"es","@id":"https:\/\/www.bcm.cat\/#\/schema\/logo\/image\/","url":"https:\/\/www.bcm.cat\/wp-content\/uploads\/2018\/10\/assesorament-a-empreses-talent-retail-barcelelona.jpg","contentUrl":"https:\/\/www.bcm.cat\/wp-content\/uploads\/2018\/10\/assesorament-a-empreses-talent-retail-barcelelona.jpg","width":960,"height":638,"caption":"BCM talent & retail"},"image":{"@id":"https:\/\/www.bcm.cat\/#\/schema\/logo\/image\/"}},{"@type":"Person","@id":"https:\/\/www.bcm.cat\/#\/schema\/person\/fa129619eb2d5fbed7c86f3e599b5cb6","name":"bcm","image":{"@type":"ImageObject","inLanguage":"es","@id":"https:\/\/secure.gravatar.com\/avatar\/2b7febd32e8dc6af3ee2d26b923383b81c9559bb82c48359d9ff56cae82a3592?s=96&d=mm&r=g","url":"https:\/\/secure.gravatar.com\/avatar\/2b7febd32e8dc6af3ee2d26b923383b81c9559bb82c48359d9ff56cae82a3592?s=96&d=mm&r=g","contentUrl":"https:\/\/secure.gravatar.com\/avatar\/2b7febd32e8dc6af3ee2d26b923383b81c9559bb82c48359d9ff56cae82a3592?s=96&d=mm&r=g","caption":"bcm"}}]}},"_links":{"self":[{"href":"https:\/\/www.bcm.cat\/es\/wp-json\/wp\/v2\/posts\/1489","targetHints":{"allow":["GET"]}}],"collection":[{"href":"https:\/\/www.bcm.cat\/es\/wp-json\/wp\/v2\/posts"}],"about":[{"href":"https:\/\/www.bcm.cat\/es\/wp-json\/wp\/v2\/types\/post"}],"author":[{"embeddable":true,"href":"https:\/\/www.bcm.cat\/es\/wp-json\/wp\/v2\/users\/1"}],"replies":[{"embeddable":true,"href":"https:\/\/www.bcm.cat\/es\/wp-json\/wp\/v2\/comments?post=1489"}],"version-history":[{"count":1,"href":"https:\/\/www.bcm.cat\/es\/wp-json\/wp\/v2\/posts\/1489\/revisions"}],"predecessor-version":[{"id":1490,"href":"https:\/\/www.bcm.cat\/es\/wp-json\/wp\/v2\/posts\/1489\/revisions\/1490"}],"wp:attachment":[{"href":"https:\/\/www.bcm.cat\/es\/wp-json\/wp\/v2\/media?parent=1489"}],"wp:term":[{"taxonomy":"category","embeddable":true,"href":"https:\/\/www.bcm.cat\/es\/wp-json\/wp\/v2\/categories?post=1489"},{"taxonomy":"post_tag","embeddable":true,"href":"https:\/\/www.bcm.cat\/es\/wp-json\/wp\/v2\/tags?post=1489"}],"curies":[{"name":"wp","href":"https:\/\/api.w.org\/{rel}","templated":true}]}}